{"id":933,"date":"2019-03-06T08:09:36","date_gmt":"2019-03-06T11:09:36","guid":{"rendered":"https:\/\/proarq.ufpr.br\/?p=933"},"modified":"2019-03-06T08:09:36","modified_gmt":"2019-03-06T11:09:36","slug":"posicao-onde-sera-construida-a-nova-casa-de-servano-de-lajola","status":"publish","type":"post","link":"https:\/\/proarq.ufpr.br\/index.php\/2019\/03\/06\/posicao-onde-sera-construida-a-nova-casa-de-servano-de-lajola\/","title":{"rendered":"Posi\u00e7\u00e3o onde sera constru\u00edda a nova casa de Servano de Lajola"},"content":{"rendered":"<p><img loading=\"lazy\" decoding=\"async\" class=\"alignnone size-medium wp-image-934\" src=\"https:\/\/proarq.ufpr.br\/wp-content\/uploads\/2018\/08\/IP_RD_03-210x300.jpg\" alt=\"IP_RD_03\" width=\"210\" height=\"300\" srcset=\"https:\/\/proarq.ufpr.br\/wp-content\/uploads\/2018\/08\/IP_RD_03-210x300.jpg 210w, https:\/\/proarq.ufpr.br\/wp-content\/uploads\/2018\/08\/IP_RD_03-768x1098.jpg 768w, https:\/\/proarq.ufpr.br\/wp-content\/uploads\/2018\/08\/IP_RD_03-716x1024.jpg 716w\" sizes=\"(max-width: 210px) 100vw, 210px\" \/><\/p>\n","protected":false},"excerpt":{"rendered":"","protected":false},"author":2,"featured_media":0,"comment_status":"closed","ping_status":"open","sticky":false,"template":"","format":"standard","meta":{"_acf_changed":false,"footnotes":""},"categories":[185,110],"tags":[],"class_list":["post-933","post","type-post","status-publish","format-standard","hentry","category-planta-de-implantacao","category-planta-de-situacao-de-terreno"],"acf":[],"_links":{"self":[{"href":"https:\/\/proarq.ufpr.br\/index.php\/wp-json\/wp\/v2\/posts\/933"}],"collection":[{"href":"https:\/\/proarq.ufpr.br\/index.php\/wp-json\/wp\/v2\/posts"}],"about":[{"href":"https:\/\/proarq.ufpr.br\/index.php\/wp-json\/wp\/v2\/types\/post"}],"author":[{"embeddable":true,"href":"https:\/\/proarq.ufpr.br\/index.php\/wp-json\/wp\/v2\/users\/2"}],"replies":[{"embeddable":true,"href":"https:\/\/proarq.ufpr.br\/index.php\/wp-json\/wp\/v2\/comments?post=933"}],"version-history":[{"count":3,"href":"https:\/\/proarq.ufpr.br\/index.php\/wp-json\/wp\/v2\/posts\/933\/revisions"}],"predecessor-version":[{"id":1850,"href":"https:\/\/proarq.ufpr.br\/index.php\/wp-json\/wp\/v2\/posts\/933\/revisions\/1850"}],"wp:attachment":[{"href":"https:\/\/proarq.ufpr.br\/index.php\/wp-json\/wp\/v2\/media?parent=933"}],"wp:term":[{"taxonomy":"category","embeddable":true,"href":"https:\/\/proarq.ufpr.br\/index.php\/wp-json\/wp\/v2\/categories?post=933"},{"taxonomy":"post_tag","embeddable":true,"href":"https:\/\/proarq.ufpr.br\/index.php\/wp-json\/wp\/v2\/tags?post=933"}],"curies":[{"name":"wp","href":"https:\/\/api.w.org\/{rel}","templated":true}]}}