{"id":757,"date":"2018-08-01T08:12:30","date_gmt":"2018-08-01T11:12:30","guid":{"rendered":"https:\/\/proarq.ufpr.br\/?p=757"},"modified":"2019-03-20T15:31:22","modified_gmt":"2019-03-20T18:31:22","slug":"unificacao-de-lotes-1979","status":"publish","type":"post","link":"https:\/\/proarq.ufpr.br\/index.php\/2018\/08\/01\/unificacao-de-lotes-1979\/","title":{"rendered":"Unifica\u00e7\u00e3o de Lotes 1979"},"content":{"rendered":"<p>\u00daltimo processo de unifica\u00e7\u00e3o de lotes, resultando na conforma\u00e7\u00e3o final do terreno da f\u00e1brica, totalizando a \u00e1rea de 34.361 metros quadrados.<\/p>\n<p>&nbsp;<\/p>\n<p><img loading=\"lazy\" decoding=\"async\" class=\"alignnone wp-image-756 size-medium\" src=\"https:\/\/proarq.ufpr.br\/wp-content\/uploads\/2018\/04\/01-1-300x224.jpg\" alt=\"01\" width=\"300\" height=\"224\" srcset=\"https:\/\/proarq.ufpr.br\/wp-content\/uploads\/2018\/04\/01-1-300x224.jpg 300w, https:\/\/proarq.ufpr.br\/wp-content\/uploads\/2018\/04\/01-1-768x574.jpg 768w, https:\/\/proarq.ufpr.br\/wp-content\/uploads\/2018\/04\/01-1-1024x765.jpg 1024w\" sizes=\"(max-width: 300px) 100vw, 300px\" \/><\/p>\n","protected":false},"excerpt":{"rendered":"<p>\u00daltimo processo de unifica\u00e7\u00e3o de lotes, resultando na conforma\u00e7\u00e3o final do terreno da f\u00e1brica, totalizando a \u00e1rea de 34.361 metros quadrados. &nbsp;<\/p>\n","protected":false},"author":2,"featured_media":756,"comment_status":"closed","ping_status":"open","sticky":false,"template":"","format":"standard","meta":{"_acf_changed":false,"footnotes":""},"categories":[174,167,17],"tags":[],"class_list":["post-757","post","type-post","status-publish","format-standard","has-post-thumbnail","hentry","category-ambev-trajetoria-de-ocupacao","category-complexo-industrial-ambev-curitiba","category-edificio-industrial"],"acf":[],"_links":{"self":[{"href":"https:\/\/proarq.ufpr.br\/index.php\/wp-json\/wp\/v2\/posts\/757"}],"collection":[{"href":"https:\/\/proarq.ufpr.br\/index.php\/wp-json\/wp\/v2\/posts"}],"about":[{"href":"https:\/\/proarq.ufpr.br\/index.php\/wp-json\/wp\/v2\/types\/post"}],"author":[{"embeddable":true,"href":"https:\/\/proarq.ufpr.br\/index.php\/wp-json\/wp\/v2\/users\/2"}],"replies":[{"embeddable":true,"href":"https:\/\/proarq.ufpr.br\/index.php\/wp-json\/wp\/v2\/comments?post=757"}],"version-history":[{"count":3,"href":"https:\/\/proarq.ufpr.br\/index.php\/wp-json\/wp\/v2\/posts\/757\/revisions"}],"predecessor-version":[{"id":2228,"href":"https:\/\/proarq.ufpr.br\/index.php\/wp-json\/wp\/v2\/posts\/757\/revisions\/2228"}],"wp:featuredmedia":[{"embeddable":true,"href":"https:\/\/proarq.ufpr.br\/index.php\/wp-json\/wp\/v2\/media\/756"}],"wp:attachment":[{"href":"https:\/\/proarq.ufpr.br\/index.php\/wp-json\/wp\/v2\/media?parent=757"}],"wp:term":[{"taxonomy":"category","embeddable":true,"href":"https:\/\/proarq.ufpr.br\/index.php\/wp-json\/wp\/v2\/categories?post=757"},{"taxonomy":"post_tag","embeddable":true,"href":"https:\/\/proarq.ufpr.br\/index.php\/wp-json\/wp\/v2\/tags?post=757"}],"curies":[{"name":"wp","href":"https:\/\/api.w.org\/{rel}","templated":true}]}}