{"id":752,"date":"2018-10-09T15:55:13","date_gmt":"2018-10-09T18:55:13","guid":{"rendered":"https:\/\/proarq.ufpr.br\/?p=752"},"modified":"2019-03-20T15:29:50","modified_gmt":"2019-03-20T18:29:50","slug":"bases-de-tanques-de-cerveja-adegas-outdoor-1977","status":"publish","type":"post","link":"https:\/\/proarq.ufpr.br\/index.php\/2018\/10\/09\/bases-de-tanques-de-cerveja-adegas-outdoor-1977\/","title":{"rendered":"Bases de Tanques de Cerveja (Adegas Outdoor) 1977"},"content":{"rendered":"<p>Bases de concreto para os cinco tanques de cerveja pr\u00f3ximos \u00e0 Rua Rockefeller, sem acr\u00e9scimo de \u00e1rea constru\u00edda.<\/p>\n<p><img loading=\"lazy\" decoding=\"async\" class=\"alignnone wp-image-749 size-medium\" src=\"https:\/\/proarq.ufpr.br\/wp-content\/uploads\/2018\/04\/01-300x202.jpg\" alt=\"01\" width=\"300\" height=\"202\" srcset=\"https:\/\/proarq.ufpr.br\/wp-content\/uploads\/2018\/04\/01-300x202.jpg 300w, https:\/\/proarq.ufpr.br\/wp-content\/uploads\/2018\/04\/01-768x516.jpg 768w, https:\/\/proarq.ufpr.br\/wp-content\/uploads\/2018\/04\/01-1024x688.jpg 1024w\" sizes=\"(max-width: 300px) 100vw, 300px\" \/> <img loading=\"lazy\" decoding=\"async\" class=\"alignnone size-medium wp-image-750\" src=\"https:\/\/proarq.ufpr.br\/wp-content\/uploads\/2018\/04\/02-300x202.jpg\" alt=\"02\" width=\"300\" height=\"202\" srcset=\"https:\/\/proarq.ufpr.br\/wp-content\/uploads\/2018\/04\/02-300x202.jpg 300w, https:\/\/proarq.ufpr.br\/wp-content\/uploads\/2018\/04\/02-768x516.jpg 768w, https:\/\/proarq.ufpr.br\/wp-content\/uploads\/2018\/04\/02-1024x688.jpg 1024w\" sizes=\"(max-width: 300px) 100vw, 300px\" \/> <img loading=\"lazy\" decoding=\"async\" class=\"alignnone size-medium wp-image-751\" src=\"https:\/\/proarq.ufpr.br\/wp-content\/uploads\/2018\/04\/03-1-300x202.jpg\" alt=\"03\" width=\"300\" height=\"202\" srcset=\"https:\/\/proarq.ufpr.br\/wp-content\/uploads\/2018\/04\/03-1-300x202.jpg 300w, https:\/\/proarq.ufpr.br\/wp-content\/uploads\/2018\/04\/03-1-768x516.jpg 768w, https:\/\/proarq.ufpr.br\/wp-content\/uploads\/2018\/04\/03-1-1024x688.jpg 1024w\" sizes=\"(max-width: 300px) 100vw, 300px\" \/><\/p>\n","protected":false},"excerpt":{"rendered":"<p>Bases de concreto para os cinco tanques de cerveja pr\u00f3ximos \u00e0 Rua Rockefeller, sem acr\u00e9scimo de \u00e1rea constru\u00edda.<\/p>\n","protected":false},"author":2,"featured_media":749,"comment_status":"closed","ping_status":"open","sticky":false,"template":"","format":"standard","meta":{"_acf_changed":false,"footnotes":""},"categories":[171,167,17],"tags":[],"class_list":["post-752","post","type-post","status-publish","format-standard","has-post-thumbnail","hentry","category-ambev-1977","category-complexo-industrial-ambev-curitiba","category-edificio-industrial"],"acf":[],"_links":{"self":[{"href":"https:\/\/proarq.ufpr.br\/index.php\/wp-json\/wp\/v2\/posts\/752"}],"collection":[{"href":"https:\/\/proarq.ufpr.br\/index.php\/wp-json\/wp\/v2\/posts"}],"about":[{"href":"https:\/\/proarq.ufpr.br\/index.php\/wp-json\/wp\/v2\/types\/post"}],"author":[{"embeddable":true,"href":"https:\/\/proarq.ufpr.br\/index.php\/wp-json\/wp\/v2\/users\/2"}],"replies":[{"embeddable":true,"href":"https:\/\/proarq.ufpr.br\/index.php\/wp-json\/wp\/v2\/comments?post=752"}],"version-history":[{"count":2,"href":"https:\/\/proarq.ufpr.br\/index.php\/wp-json\/wp\/v2\/posts\/752\/revisions"}],"predecessor-version":[{"id":2227,"href":"https:\/\/proarq.ufpr.br\/index.php\/wp-json\/wp\/v2\/posts\/752\/revisions\/2227"}],"wp:featuredmedia":[{"embeddable":true,"href":"https:\/\/proarq.ufpr.br\/index.php\/wp-json\/wp\/v2\/media\/749"}],"wp:attachment":[{"href":"https:\/\/proarq.ufpr.br\/index.php\/wp-json\/wp\/v2\/media?parent=752"}],"wp:term":[{"taxonomy":"category","embeddable":true,"href":"https:\/\/proarq.ufpr.br\/index.php\/wp-json\/wp\/v2\/categories?post=752"},{"taxonomy":"post_tag","embeddable":true,"href":"https:\/\/proarq.ufpr.br\/index.php\/wp-json\/wp\/v2\/tags?post=752"}],"curies":[{"name":"wp","href":"https:\/\/api.w.org\/{rel}","templated":true}]}}