{"id":725,"date":"2018-10-09T15:53:52","date_gmt":"2018-10-09T18:53:52","guid":{"rendered":"https:\/\/proarq.ufpr.br\/?p=725"},"modified":"2019-03-20T15:25:09","modified_gmt":"2019-03-20T18:25:09","slug":"expansao-edificio-de-engarrafamento-1975","status":"publish","type":"post","link":"https:\/\/proarq.ufpr.br\/index.php\/2018\/10\/09\/expansao-edificio-de-engarrafamento-1975\/","title":{"rendered":"Expans\u00e3o Edif\u00edcio de Engarrafamento 1975"},"content":{"rendered":"<p>Localizado na parte sul do complexo, pr\u00f3ximo ao bloco de administra\u00e7\u00e3o e com uma das faces para a Avenida Presidente Get\u00falio Vargas,\u00a0o novo conjunto de edifica\u00e7\u00f5es cont\u00edguas ao edif\u00edcio de xaropes e engarrafamento, abrigando restante do maquin\u00e1rio de engarrafamento (lavadoras, pasteurizadora, etc) e com dep\u00f3sito anexo. A edifica\u00e7\u00e3o conta com uma parte subterr\u00e2nea para manuten\u00e7\u00e3o e um mezanino imediatamente acima do t\u00e9rreo para inspe\u00e7\u00e3o da linha de produ\u00e7\u00e3o.<\/p>\n<p>&nbsp;<\/p>\n<p class=\"alignnone\"><img loading=\"lazy\" decoding=\"async\" class=\"alignnone wp-image-720 size-medium\" src=\"https:\/\/proarq.ufpr.br\/wp-content\/uploads\/2018\/03\/03-1-300x201.jpg\" alt=\"03\" width=\"300\" height=\"201\" \/> <img loading=\"lazy\" decoding=\"async\" class=\"alignnone wp-image-719 size-medium\" src=\"https:\/\/proarq.ufpr.br\/wp-content\/uploads\/2018\/03\/02-2-300x201.jpg\" alt=\"02\" width=\"300\" height=\"201\" \/> <img loading=\"lazy\" decoding=\"async\" class=\"alignnone size-medium wp-image-721\" src=\"https:\/\/proarq.ufpr.br\/wp-content\/uploads\/2018\/03\/04-1-300x201.jpg\" alt=\"04\" width=\"300\" height=\"201\" srcset=\"https:\/\/proarq.ufpr.br\/wp-content\/uploads\/2018\/03\/04-1-300x201.jpg 300w, https:\/\/proarq.ufpr.br\/wp-content\/uploads\/2018\/03\/04-1-768x514.jpg 768w, https:\/\/proarq.ufpr.br\/wp-content\/uploads\/2018\/03\/04-1-1024x686.jpg 1024w\" sizes=\"(max-width: 300px) 100vw, 300px\" \/>\u00a0\u00a0<img loading=\"lazy\" decoding=\"async\" class=\"alignnone wp-image-723 size-medium\" src=\"https:\/\/proarq.ufpr.br\/wp-content\/uploads\/2018\/03\/06-300x201.jpg\" alt=\"06\" width=\"300\" height=\"201\" \/> <img loading=\"lazy\" decoding=\"async\" class=\"alignnone wp-image-718 size-medium\" src=\"https:\/\/proarq.ufpr.br\/wp-content\/uploads\/2018\/03\/01-2-300x201.jpg\" alt=\"01\" width=\"300\" height=\"201\" \/> <img loading=\"lazy\" decoding=\"async\" class=\"alignnone wp-image-724 size-medium\" src=\"https:\/\/proarq.ufpr.br\/wp-content\/uploads\/2018\/03\/07-300x201.jpg\" alt=\"07\" width=\"300\" height=\"201\" \/><\/p>\n","protected":false},"excerpt":{"rendered":"<p>Localizado na parte sul do complexo, pr\u00f3ximo ao bloco de administra\u00e7\u00e3o e com uma das faces para a Avenida Presidente Get\u00falio Vargas,\u00a0o novo conjunto de edifica\u00e7\u00f5es cont\u00edguas ao edif\u00edcio de xaropes e engarrafamento, abrigando restante do maquin\u00e1rio de engarrafamento (lavadoras, pasteurizadora, etc) e com dep\u00f3sito anexo. A edifica\u00e7\u00e3o conta com&hellip; <\/p>\n","protected":false},"author":2,"featured_media":718,"comment_status":"closed","ping_status":"open","sticky":false,"template":"","format":"standard","meta":{"_acf_changed":false,"footnotes":""},"categories":[170,167,17],"tags":[],"class_list":["post-725","post","type-post","status-publish","format-standard","has-post-thumbnail","hentry","category-ambev-1975","category-complexo-industrial-ambev-curitiba","category-edificio-industrial"],"acf":[],"_links":{"self":[{"href":"https:\/\/proarq.ufpr.br\/index.php\/wp-json\/wp\/v2\/posts\/725"}],"collection":[{"href":"https:\/\/proarq.ufpr.br\/index.php\/wp-json\/wp\/v2\/posts"}],"about":[{"href":"https:\/\/proarq.ufpr.br\/index.php\/wp-json\/wp\/v2\/types\/post"}],"author":[{"embeddable":true,"href":"https:\/\/proarq.ufpr.br\/index.php\/wp-json\/wp\/v2\/users\/2"}],"replies":[{"embeddable":true,"href":"https:\/\/proarq.ufpr.br\/index.php\/wp-json\/wp\/v2\/comments?post=725"}],"version-history":[{"count":5,"href":"https:\/\/proarq.ufpr.br\/index.php\/wp-json\/wp\/v2\/posts\/725\/revisions"}],"predecessor-version":[{"id":2224,"href":"https:\/\/proarq.ufpr.br\/index.php\/wp-json\/wp\/v2\/posts\/725\/revisions\/2224"}],"wp:featuredmedia":[{"embeddable":true,"href":"https:\/\/proarq.ufpr.br\/index.php\/wp-json\/wp\/v2\/media\/718"}],"wp:attachment":[{"href":"https:\/\/proarq.ufpr.br\/index.php\/wp-json\/wp\/v2\/media?parent=725"}],"wp:term":[{"taxonomy":"category","embeddable":true,"href":"https:\/\/proarq.ufpr.br\/index.php\/wp-json\/wp\/v2\/categories?post=725"},{"taxonomy":"post_tag","embeddable":true,"href":"https:\/\/proarq.ufpr.br\/index.php\/wp-json\/wp\/v2\/tags?post=725"}],"curies":[{"name":"wp","href":"https:\/\/api.w.org\/{rel}","templated":true}]}}