{"id":686,"date":"2018-10-09T15:56:00","date_gmt":"2018-10-09T18:56:00","guid":{"rendered":"https:\/\/proarq.ufpr.br\/?p=686"},"modified":"2019-03-20T15:14:46","modified_gmt":"2019-03-20T18:14:46","slug":"ampliacao-escritorios-sobre-entrada-de-caminhoes-1969","status":"publish","type":"post","link":"https:\/\/proarq.ufpr.br\/index.php\/2018\/10\/09\/ampliacao-escritorios-sobre-entrada-de-caminhoes-1969\/","title":{"rendered":"Amplia\u00e7\u00e3o Escrit\u00f3rios Sobre Entrada de Caminh\u00f5es 1969"},"content":{"rendered":"<p>Anexo da edifica\u00e7\u00e3o existente, aumentando o espa\u00e7o de escrit\u00f3rios sobre os acessos principais de entrada de pedestres e caminh\u00f5es na Avenida Presidente Get\u00falio Vargas.<\/p>\n<p><img loading=\"lazy\" decoding=\"async\" class=\"alignnone wp-image-685 size-medium\" src=\"https:\/\/proarq.ufpr.br\/wp-content\/uploads\/2017\/11\/02-2-300x225.jpg\" alt=\"02\" width=\"300\" height=\"225\" \/> <img loading=\"lazy\" decoding=\"async\" class=\"alignnone size-medium wp-image-684\" src=\"https:\/\/proarq.ufpr.br\/wp-content\/uploads\/2017\/11\/01-3-300x225.jpg\" alt=\"01\" width=\"300\" height=\"225\" srcset=\"https:\/\/proarq.ufpr.br\/wp-content\/uploads\/2017\/11\/01-3-300x225.jpg 300w, https:\/\/proarq.ufpr.br\/wp-content\/uploads\/2017\/11\/01-3-768x577.jpg 768w, https:\/\/proarq.ufpr.br\/wp-content\/uploads\/2017\/11\/01-3-1024x769.jpg 1024w\" sizes=\"(max-width: 300px) 100vw, 300px\" \/><\/p>\n","protected":false},"excerpt":{"rendered":"<p>Anexo da edifica\u00e7\u00e3o existente, aumentando o espa\u00e7o de escrit\u00f3rios sobre os acessos principais de entrada de pedestres e caminh\u00f5es na Avenida Presidente Get\u00falio Vargas.<\/p>\n","protected":false},"author":2,"featured_media":685,"comment_status":"closed","ping_status":"open","sticky":false,"template":"","format":"standard","meta":{"_acf_changed":false,"footnotes":""},"categories":[169,167,17],"tags":[],"class_list":["post-686","post","type-post","status-publish","format-standard","has-post-thumbnail","hentry","category-ambev-1962","category-complexo-industrial-ambev-curitiba","category-edificio-industrial"],"acf":[],"_links":{"self":[{"href":"https:\/\/proarq.ufpr.br\/index.php\/wp-json\/wp\/v2\/posts\/686"}],"collection":[{"href":"https:\/\/proarq.ufpr.br\/index.php\/wp-json\/wp\/v2\/posts"}],"about":[{"href":"https:\/\/proarq.ufpr.br\/index.php\/wp-json\/wp\/v2\/types\/post"}],"author":[{"embeddable":true,"href":"https:\/\/proarq.ufpr.br\/index.php\/wp-json\/wp\/v2\/users\/2"}],"replies":[{"embeddable":true,"href":"https:\/\/proarq.ufpr.br\/index.php\/wp-json\/wp\/v2\/comments?post=686"}],"version-history":[{"count":5,"href":"https:\/\/proarq.ufpr.br\/index.php\/wp-json\/wp\/v2\/posts\/686\/revisions"}],"predecessor-version":[{"id":2216,"href":"https:\/\/proarq.ufpr.br\/index.php\/wp-json\/wp\/v2\/posts\/686\/revisions\/2216"}],"wp:featuredmedia":[{"embeddable":true,"href":"https:\/\/proarq.ufpr.br\/index.php\/wp-json\/wp\/v2\/media\/685"}],"wp:attachment":[{"href":"https:\/\/proarq.ufpr.br\/index.php\/wp-json\/wp\/v2\/media?parent=686"}],"wp:term":[{"taxonomy":"category","embeddable":true,"href":"https:\/\/proarq.ufpr.br\/index.php\/wp-json\/wp\/v2\/categories?post=686"},{"taxonomy":"post_tag","embeddable":true,"href":"https:\/\/proarq.ufpr.br\/index.php\/wp-json\/wp\/v2\/tags?post=686"}],"curies":[{"name":"wp","href":"https:\/\/api.w.org\/{rel}","templated":true}]}}