{"id":655,"date":"2018-02-24T07:26:18","date_gmt":"2018-02-24T10:26:18","guid":{"rendered":"https:\/\/proarq.ufpr.br\/?p=655"},"modified":"2019-03-20T15:09:54","modified_gmt":"2019-03-20T18:09:54","slug":"casa-de-forca-1960","status":"publish","type":"post","link":"https:\/\/proarq.ufpr.br\/index.php\/2018\/02\/24\/casa-de-forca-1960\/","title":{"rendered":"Casa de For\u00e7a 1960"},"content":{"rendered":"<p>Edifica\u00e7\u00e3o sem subdivis\u00f5es internas, constru\u00edda a fim de abrigar equipamentos el\u00e9tricos (como geradores, transformadores e afins) que atendiam \u00e0s demandas do complexo. Posteriormente foi demolida e substitu\u00edda por outra constru\u00e7\u00e3o para a mesma finalidade na d\u00e9cada de 1970.<\/p>\n<p><img loading=\"lazy\" decoding=\"async\" class=\"alignnone wp-image-653 size-medium\" src=\"https:\/\/proarq.ufpr.br\/wp-content\/uploads\/2017\/09\/Projeto-1-218x300.jpg\" alt=\"CasaFor\u00e7a Situa\u00e7\u00e3o\" width=\"218\" height=\"300\" srcset=\"https:\/\/proarq.ufpr.br\/wp-content\/uploads\/2017\/09\/Projeto-1-218x300.jpg 218w, https:\/\/proarq.ufpr.br\/wp-content\/uploads\/2017\/09\/Projeto-1-768x1058.jpg 768w, https:\/\/proarq.ufpr.br\/wp-content\/uploads\/2017\/09\/Projeto-1-743x1024.jpg 743w\" sizes=\"(max-width: 218px) 100vw, 218px\" \/><img loading=\"lazy\" decoding=\"async\" class=\"alignnone wp-image-654 size-medium\" src=\"https:\/\/proarq.ufpr.br\/wp-content\/uploads\/2017\/09\/Projeto-01-300x218.jpg\" alt=\"Proj Casa For\u00e7a\" width=\"300\" height=\"218\" srcset=\"https:\/\/proarq.ufpr.br\/wp-content\/uploads\/2017\/09\/Projeto-01-300x218.jpg 300w, https:\/\/proarq.ufpr.br\/wp-content\/uploads\/2017\/09\/Projeto-01-768x557.jpg 768w, https:\/\/proarq.ufpr.br\/wp-content\/uploads\/2017\/09\/Projeto-01-1024x743.jpg 1024w\" sizes=\"(max-width: 300px) 100vw, 300px\" \/><\/p>\n<p>&nbsp;<\/p>\n","protected":false},"excerpt":{"rendered":"<p>Edifica\u00e7\u00e3o sem subdivis\u00f5es internas, constru\u00edda a fim de abrigar equipamentos el\u00e9tricos (como geradores, transformadores e afins) que atendiam \u00e0s demandas do complexo. Posteriormente foi demolida e substitu\u00edda por outra constru\u00e7\u00e3o para a mesma finalidade na d\u00e9cada de 1970. &nbsp;<\/p>\n","protected":false},"author":2,"featured_media":654,"comment_status":"closed","ping_status":"open","sticky":false,"template":"","format":"standard","meta":{"_acf_changed":false,"footnotes":""},"categories":[168,17],"tags":[],"class_list":["post-655","post","type-post","status-publish","format-standard","has-post-thumbnail","hentry","category-ambev-1960","category-edificio-industrial"],"acf":[],"_links":{"self":[{"href":"https:\/\/proarq.ufpr.br\/index.php\/wp-json\/wp\/v2\/posts\/655"}],"collection":[{"href":"https:\/\/proarq.ufpr.br\/index.php\/wp-json\/wp\/v2\/posts"}],"about":[{"href":"https:\/\/proarq.ufpr.br\/index.php\/wp-json\/wp\/v2\/types\/post"}],"author":[{"embeddable":true,"href":"https:\/\/proarq.ufpr.br\/index.php\/wp-json\/wp\/v2\/users\/2"}],"replies":[{"embeddable":true,"href":"https:\/\/proarq.ufpr.br\/index.php\/wp-json\/wp\/v2\/comments?post=655"}],"version-history":[{"count":6,"href":"https:\/\/proarq.ufpr.br\/index.php\/wp-json\/wp\/v2\/posts\/655\/revisions"}],"predecessor-version":[{"id":2214,"href":"https:\/\/proarq.ufpr.br\/index.php\/wp-json\/wp\/v2\/posts\/655\/revisions\/2214"}],"wp:featuredmedia":[{"embeddable":true,"href":"https:\/\/proarq.ufpr.br\/index.php\/wp-json\/wp\/v2\/media\/654"}],"wp:attachment":[{"href":"https:\/\/proarq.ufpr.br\/index.php\/wp-json\/wp\/v2\/media?parent=655"}],"wp:term":[{"taxonomy":"category","embeddable":true,"href":"https:\/\/proarq.ufpr.br\/index.php\/wp-json\/wp\/v2\/categories?post=655"},{"taxonomy":"post_tag","embeddable":true,"href":"https:\/\/proarq.ufpr.br\/index.php\/wp-json\/wp\/v2\/tags?post=655"}],"curies":[{"name":"wp","href":"https:\/\/api.w.org\/{rel}","templated":true}]}}