{"id":619,"date":"2017-09-20T16:21:57","date_gmt":"2017-09-20T19:21:57","guid":{"rendered":"https:\/\/proarq.ufpr.br\/?p=619"},"modified":"2017-09-20T16:21:57","modified_gmt":"2017-09-20T19:21:57","slug":"edificio-social-1966","status":"publish","type":"post","link":"https:\/\/proarq.ufpr.br\/index.php\/2017\/09\/20\/edificio-social-1966\/","title":{"rendered":"Edif\u00edcio Social 1966"},"content":{"rendered":"<p>Edifica\u00e7\u00e3o de dois pavimentos, em concreto armado e protendido com veda\u00e7\u00f5es em alvenaria.\u00a0Setor do projeto que cont\u00e9m o acesso dos funcion\u00e1rios, vesti\u00e1rios e banheiros e garagem no pavimento t\u00e9rreo, o pavimento superior cont\u00e9m refeit\u00f3rios, cozinha industrial e escrit\u00f3rios administrativos. \u00c9 o edif\u00edcio principal de apoio aos funcion\u00e1rios da f\u00e1brica.<\/p>\n<p><img loading=\"lazy\" decoding=\"async\" class=\"alignnone size-medium wp-image-639\" src=\"https:\/\/proarq.ufpr.br\/wp-content\/uploads\/2017\/08\/01-300x212.jpg\" alt=\"01\" width=\"300\" height=\"212\" srcset=\"https:\/\/proarq.ufpr.br\/wp-content\/uploads\/2017\/08\/01-300x212.jpg 300w, https:\/\/proarq.ufpr.br\/wp-content\/uploads\/2017\/08\/01-768x543.jpg 768w, https:\/\/proarq.ufpr.br\/wp-content\/uploads\/2017\/08\/01-1024x724.jpg 1024w\" sizes=\"(max-width: 300px) 100vw, 300px\" \/><img loading=\"lazy\" decoding=\"async\" class=\"alignnone size-medium wp-image-640\" src=\"https:\/\/proarq.ufpr.br\/wp-content\/uploads\/2017\/08\/02-300x212.jpg\" alt=\"02\" width=\"300\" height=\"212\" srcset=\"https:\/\/proarq.ufpr.br\/wp-content\/uploads\/2017\/08\/02-300x212.jpg 300w, https:\/\/proarq.ufpr.br\/wp-content\/uploads\/2017\/08\/02-768x543.jpg 768w, https:\/\/proarq.ufpr.br\/wp-content\/uploads\/2017\/08\/02-1024x724.jpg 1024w\" sizes=\"(max-width: 300px) 100vw, 300px\" \/><img loading=\"lazy\" decoding=\"async\" class=\"alignnone size-medium wp-image-641\" src=\"https:\/\/proarq.ufpr.br\/wp-content\/uploads\/2017\/08\/03-300x212.jpg\" alt=\"03\" width=\"300\" height=\"212\" srcset=\"https:\/\/proarq.ufpr.br\/wp-content\/uploads\/2017\/08\/03-300x212.jpg 300w, https:\/\/proarq.ufpr.br\/wp-content\/uploads\/2017\/08\/03-768x543.jpg 768w, https:\/\/proarq.ufpr.br\/wp-content\/uploads\/2017\/08\/03-1024x724.jpg 1024w\" sizes=\"(max-width: 300px) 100vw, 300px\" \/><img loading=\"lazy\" decoding=\"async\" class=\"alignnone size-medium wp-image-642\" src=\"https:\/\/proarq.ufpr.br\/wp-content\/uploads\/2017\/08\/04-300x212.jpg\" alt=\"04\" width=\"300\" height=\"212\" srcset=\"https:\/\/proarq.ufpr.br\/wp-content\/uploads\/2017\/08\/04-300x212.jpg 300w, https:\/\/proarq.ufpr.br\/wp-content\/uploads\/2017\/08\/04-768x543.jpg 768w, https:\/\/proarq.ufpr.br\/wp-content\/uploads\/2017\/08\/04-1024x724.jpg 1024w\" sizes=\"(max-width: 300px) 100vw, 300px\" \/><img loading=\"lazy\" decoding=\"async\" class=\"alignnone size-medium wp-image-643\" src=\"https:\/\/proarq.ufpr.br\/wp-content\/uploads\/2017\/08\/05-300x212.jpg\" alt=\"05\" width=\"300\" height=\"212\" srcset=\"https:\/\/proarq.ufpr.br\/wp-content\/uploads\/2017\/08\/05-300x212.jpg 300w, https:\/\/proarq.ufpr.br\/wp-content\/uploads\/2017\/08\/05-768x543.jpg 768w, https:\/\/proarq.ufpr.br\/wp-content\/uploads\/2017\/08\/05-1024x724.jpg 1024w\" sizes=\"(max-width: 300px) 100vw, 300px\" \/><img loading=\"lazy\" decoding=\"async\" class=\"alignnone size-medium wp-image-644\" src=\"https:\/\/proarq.ufpr.br\/wp-content\/uploads\/2017\/08\/06-300x212.jpg\" alt=\"06\" width=\"300\" height=\"212\" srcset=\"https:\/\/proarq.ufpr.br\/wp-content\/uploads\/2017\/08\/06-300x212.jpg 300w, https:\/\/proarq.ufpr.br\/wp-content\/uploads\/2017\/08\/06-768x543.jpg 768w, https:\/\/proarq.ufpr.br\/wp-content\/uploads\/2017\/08\/06-1024x724.jpg 1024w\" sizes=\"(max-width: 300px) 100vw, 300px\" \/><img loading=\"lazy\" decoding=\"async\" class=\"alignnone size-medium wp-image-645\" src=\"https:\/\/proarq.ufpr.br\/wp-content\/uploads\/2017\/08\/07-300x212.jpg\" alt=\"07\" width=\"300\" height=\"212\" srcset=\"https:\/\/proarq.ufpr.br\/wp-content\/uploads\/2017\/08\/07-300x212.jpg 300w, https:\/\/proarq.ufpr.br\/wp-content\/uploads\/2017\/08\/07-768x543.jpg 768w, https:\/\/proarq.ufpr.br\/wp-content\/uploads\/2017\/08\/07-1024x724.jpg 1024w\" sizes=\"(max-width: 300px) 100vw, 300px\" \/><img loading=\"lazy\" decoding=\"async\" class=\"alignnone size-medium wp-image-646\" src=\"https:\/\/proarq.ufpr.br\/wp-content\/uploads\/2017\/08\/08-300x212.jpg\" alt=\"08\" width=\"300\" height=\"212\" srcset=\"https:\/\/proarq.ufpr.br\/wp-content\/uploads\/2017\/08\/08-300x212.jpg 300w, https:\/\/proarq.ufpr.br\/wp-content\/uploads\/2017\/08\/08-768x543.jpg 768w, https:\/\/proarq.ufpr.br\/wp-content\/uploads\/2017\/08\/08-1024x724.jpg 1024w\" sizes=\"(max-width: 300px) 100vw, 300px\" \/><img loading=\"lazy\" decoding=\"async\" class=\"alignnone size-medium wp-image-647\" src=\"https:\/\/proarq.ufpr.br\/wp-content\/uploads\/2017\/08\/09-300x212.jpg\" alt=\"09\" width=\"300\" height=\"212\" srcset=\"https:\/\/proarq.ufpr.br\/wp-content\/uploads\/2017\/08\/09-300x212.jpg 300w, https:\/\/proarq.ufpr.br\/wp-content\/uploads\/2017\/08\/09-768x543.jpg 768w, https:\/\/proarq.ufpr.br\/wp-content\/uploads\/2017\/08\/09-1024x724.jpg 1024w\" sizes=\"(max-width: 300px) 100vw, 300px\" \/><\/p>\n","protected":false},"excerpt":{"rendered":"<p>Edifica\u00e7\u00e3o de dois pavimentos, em concreto armado e protendido com veda\u00e7\u00f5es em alvenaria.\u00a0Setor do projeto que cont\u00e9m o acesso dos funcion\u00e1rios, vesti\u00e1rios e banheiros e garagem no pavimento t\u00e9rreo, o pavimento superior cont\u00e9m refeit\u00f3rios, cozinha industrial e escrit\u00f3rios administrativos. \u00c9 o edif\u00edcio principal de apoio aos funcion\u00e1rios da f\u00e1brica.<\/p>\n","protected":false},"author":2,"featured_media":639,"comment_status":"closed","ping_status":"open","sticky":false,"template":"","format":"standard","meta":{"_acf_changed":false,"footnotes":""},"categories":[168,17],"tags":[],"class_list":["post-619","post","type-post","status-publish","format-standard","has-post-thumbnail","hentry","category-ambev-1960","category-edificio-industrial"],"acf":[],"_links":{"self":[{"href":"https:\/\/proarq.ufpr.br\/index.php\/wp-json\/wp\/v2\/posts\/619"}],"collection":[{"href":"https:\/\/proarq.ufpr.br\/index.php\/wp-json\/wp\/v2\/posts"}],"about":[{"href":"https:\/\/proarq.ufpr.br\/index.php\/wp-json\/wp\/v2\/types\/post"}],"author":[{"embeddable":true,"href":"https:\/\/proarq.ufpr.br\/index.php\/wp-json\/wp\/v2\/users\/2"}],"replies":[{"embeddable":true,"href":"https:\/\/proarq.ufpr.br\/index.php\/wp-json\/wp\/v2\/comments?post=619"}],"version-history":[{"count":3,"href":"https:\/\/proarq.ufpr.br\/index.php\/wp-json\/wp\/v2\/posts\/619\/revisions"}],"predecessor-version":[{"id":650,"href":"https:\/\/proarq.ufpr.br\/index.php\/wp-json\/wp\/v2\/posts\/619\/revisions\/650"}],"wp:featuredmedia":[{"embeddable":true,"href":"https:\/\/proarq.ufpr.br\/index.php\/wp-json\/wp\/v2\/media\/639"}],"wp:attachment":[{"href":"https:\/\/proarq.ufpr.br\/index.php\/wp-json\/wp\/v2\/media?parent=619"}],"wp:term":[{"taxonomy":"category","embeddable":true,"href":"https:\/\/proarq.ufpr.br\/index.php\/wp-json\/wp\/v2\/categories?post=619"},{"taxonomy":"post_tag","embeddable":true,"href":"https:\/\/proarq.ufpr.br\/index.php\/wp-json\/wp\/v2\/tags?post=619"}],"curies":[{"name":"wp","href":"https:\/\/api.w.org\/{rel}","templated":true}]}}