{"id":1323,"date":"2018-10-09T15:46:31","date_gmt":"2018-10-09T18:46:31","guid":{"rendered":"https:\/\/proarq.ufpr.br\/?p=1323"},"modified":"2018-10-09T15:46:31","modified_gmt":"2018-10-09T18:46:31","slug":"posicao-da-construcao-a-fazer-no-terreno-dos-snrs-amando-cunha-e-ildefonso-rocha","status":"publish","type":"post","link":"https:\/\/proarq.ufpr.br\/index.php\/2018\/10\/09\/posicao-da-construcao-a-fazer-no-terreno-dos-snrs-amando-cunha-e-ildefonso-rocha\/","title":{"rendered":"Posi\u00e7\u00e3o da constru\u00e7\u00e3o a fazer no terreno dos Snrs. Amando Cunha e Ildefonso Rocha"},"content":{"rendered":"<p><img loading=\"lazy\" decoding=\"async\" class=\"alignnone size-medium wp-image-1324\" src=\"https:\/\/proarq.ufpr.br\/wp-content\/uploads\/2018\/09\/IP_06-205x300.jpg\" alt=\"IP_06\" width=\"205\" height=\"300\" srcset=\"https:\/\/proarq.ufpr.br\/wp-content\/uploads\/2018\/09\/IP_06-205x300.jpg 205w, https:\/\/proarq.ufpr.br\/wp-content\/uploads\/2018\/09\/IP_06-768x1126.jpg 768w, https:\/\/proarq.ufpr.br\/wp-content\/uploads\/2018\/09\/IP_06-699x1024.jpg 699w\" sizes=\"(max-width: 205px) 100vw, 205px\" \/><\/p>\n","protected":false},"excerpt":{"rendered":"","protected":false},"author":2,"featured_media":0,"comment_status":"closed","ping_status":"open","sticky":false,"template":"","format":"standard","meta":{"_acf_changed":false,"footnotes":""},"categories":[21],"tags":[],"class_list":["post-1323","post","type-post","status-publish","format-standard","hentry","category-reforma-eou-ampliacao"],"acf":[],"_links":{"self":[{"href":"https:\/\/proarq.ufpr.br\/index.php\/wp-json\/wp\/v2\/posts\/1323"}],"collection":[{"href":"https:\/\/proarq.ufpr.br\/index.php\/wp-json\/wp\/v2\/posts"}],"about":[{"href":"https:\/\/proarq.ufpr.br\/index.php\/wp-json\/wp\/v2\/types\/post"}],"author":[{"embeddable":true,"href":"https:\/\/proarq.ufpr.br\/index.php\/wp-json\/wp\/v2\/users\/2"}],"replies":[{"embeddable":true,"href":"https:\/\/proarq.ufpr.br\/index.php\/wp-json\/wp\/v2\/comments?post=1323"}],"version-history":[{"count":2,"href":"https:\/\/proarq.ufpr.br\/index.php\/wp-json\/wp\/v2\/posts\/1323\/revisions"}],"predecessor-version":[{"id":1361,"href":"https:\/\/proarq.ufpr.br\/index.php\/wp-json\/wp\/v2\/posts\/1323\/revisions\/1361"}],"wp:attachment":[{"href":"https:\/\/proarq.ufpr.br\/index.php\/wp-json\/wp\/v2\/media?parent=1323"}],"wp:term":[{"taxonomy":"category","embeddable":true,"href":"https:\/\/proarq.ufpr.br\/index.php\/wp-json\/wp\/v2\/categories?post=1323"},{"taxonomy":"post_tag","embeddable":true,"href":"https:\/\/proarq.ufpr.br\/index.php\/wp-json\/wp\/v2\/tags?post=1323"}],"curies":[{"name":"wp","href":"https:\/\/api.w.org\/{rel}","templated":true}]}}