{"id":1076,"date":"2019-03-06T07:06:38","date_gmt":"2019-03-06T10:06:38","guid":{"rendered":"https:\/\/proarq.ufpr.br\/?p=1076"},"modified":"2019-03-06T07:06:38","modified_gmt":"2019-03-06T10:06:38","slug":"terreno-de-joao-augusto-capmavtin-com-a-locacao-das-novas-construcoes","status":"publish","type":"post","link":"https:\/\/proarq.ufpr.br\/index.php\/2019\/03\/06\/terreno-de-joao-augusto-capmavtin-com-a-locacao-das-novas-construcoes\/","title":{"rendered":"Terreno de Jo\u00e3o Augusto Capmavtin com a loca\u00e7\u00e3o das novas constru\u00e7\u00f5es"},"content":{"rendered":"<p><img loading=\"lazy\" decoding=\"async\" class=\"alignnone size-medium wp-image-1077\" src=\"https:\/\/proarq.ufpr.br\/wp-content\/uploads\/2018\/09\/IP_RD_09-207x300.jpg\" alt=\"IP_RD_09\" width=\"207\" height=\"300\" srcset=\"https:\/\/proarq.ufpr.br\/wp-content\/uploads\/2018\/09\/IP_RD_09-207x300.jpg 207w, https:\/\/proarq.ufpr.br\/wp-content\/uploads\/2018\/09\/IP_RD_09-768x1111.jpg 768w, https:\/\/proarq.ufpr.br\/wp-content\/uploads\/2018\/09\/IP_RD_09-708x1024.jpg 708w\" sizes=\"(max-width: 207px) 100vw, 207px\" \/><\/p>\n","protected":false},"excerpt":{"rendered":"","protected":false},"author":2,"featured_media":0,"comment_status":"closed","ping_status":"open","sticky":false,"template":"","format":"standard","meta":{"_acf_changed":false,"footnotes":""},"categories":[110],"tags":[],"class_list":["post-1076","post","type-post","status-publish","format-standard","hentry","category-planta-de-situacao-de-terreno"],"acf":[],"_links":{"self":[{"href":"https:\/\/proarq.ufpr.br\/index.php\/wp-json\/wp\/v2\/posts\/1076"}],"collection":[{"href":"https:\/\/proarq.ufpr.br\/index.php\/wp-json\/wp\/v2\/posts"}],"about":[{"href":"https:\/\/proarq.ufpr.br\/index.php\/wp-json\/wp\/v2\/types\/post"}],"author":[{"embeddable":true,"href":"https:\/\/proarq.ufpr.br\/index.php\/wp-json\/wp\/v2\/users\/2"}],"replies":[{"embeddable":true,"href":"https:\/\/proarq.ufpr.br\/index.php\/wp-json\/wp\/v2\/comments?post=1076"}],"version-history":[{"count":3,"href":"https:\/\/proarq.ufpr.br\/index.php\/wp-json\/wp\/v2\/posts\/1076\/revisions"}],"predecessor-version":[{"id":1833,"href":"https:\/\/proarq.ufpr.br\/index.php\/wp-json\/wp\/v2\/posts\/1076\/revisions\/1833"}],"wp:attachment":[{"href":"https:\/\/proarq.ufpr.br\/index.php\/wp-json\/wp\/v2\/media?parent=1076"}],"wp:term":[{"taxonomy":"category","embeddable":true,"href":"https:\/\/proarq.ufpr.br\/index.php\/wp-json\/wp\/v2\/categories?post=1076"},{"taxonomy":"post_tag","embeddable":true,"href":"https:\/\/proarq.ufpr.br\/index.php\/wp-json\/wp\/v2\/tags?post=1076"}],"curies":[{"name":"wp","href":"https:\/\/api.w.org\/{rel}","templated":true}]}}